{"id":275,"date":"2013-05-21T06:34:00","date_gmt":"2013-05-21T06:34:00","guid":{"rendered":"http:\/\/www.ugnisgyvenimui.lt\/straipsniai\/?p=275"},"modified":"2018-04-28T10:47:25","modified_gmt":"2018-04-28T10:47:25","slug":"dizaino-savaiteje-pristatytos-zidiniu-ir-ju-aksesuaru-idejos","status":"publish","type":"post","link":"https:\/\/ugnisgyvenimui.lt\/straipsniai\/2013\/05\/21\/dizaino-savaiteje-pristatytos-zidiniu-ir-ju-aksesuaru-idejos\/","title":{"rendered":"\u201eDizaino savait\u0117je\u201c pristatytos \u017eidini\u0173 ir j\u0173 aksesuar\u0173 id\u0117jos"},"content":{"rendered":"<p style=\"text-align: justify;\">\u0160i\u0173met\u0119 gegu\u017e\u0119 galime vadinti dizaino m\u0117nesiu, nes jo prad\u017eioje startavusi a\u0161tuntoji \u201eDizaino savait\u0117\u201c nesibaig\u0117 renginiais, parodomis, konferencijomis. Mes vis dar gyvename \u0161io projekto, kuris papuo\u0161\u0117 ir atgaivino pavasario vidur\u012f, nuotaikomis. Ypa\u010d d\u017eiugu, jog pirm\u0105 kart\u0105 \u201eDizaino savait\u0117\u201c pasiek\u0117 ir Klaip\u0117d\u0105. Kaip rodo patirtis, ir paj\u016brio gyventojai domisi architekt\u016bros, dizaino, interjero id\u0117jomis. \u0160tai rinkdamiesi \u017eidinius ar krosneles jie dr\u0105siai klausin\u0117ja apie naujoves, nebijo i\u0161bandyti netik\u0117t\u0173, originali\u0173 sprendim\u0173, form\u0173.<\/p>\n<p style=\"text-align: center;\"><a href=\"https:\/\/www.ugnisgyvenimui.lt\/straipsniai\/wp-content\/uploads\/2013\/05\/Dizaino-savaite.jpg\"><img loading=\"lazy\" decoding=\"async\" class=\"aligncenter  wp-image-276\" title=\"Dizaino savaite\" src=\"https:\/\/www.ugnisgyvenimui.lt\/straipsniai\/wp-content\/uploads\/2013\/05\/Dizaino-savaite.jpg\" alt=\"\" width=\"413\" height=\"399\" srcset=\"https:\/\/ugnisgyvenimui.lt\/straipsniai\/wp-content\/uploads\/2013\/05\/Dizaino-savaite.jpg 689w, https:\/\/ugnisgyvenimui.lt\/straipsniai\/wp-content\/uploads\/2013\/05\/Dizaino-savaite-300x289.jpg 300w\" sizes=\"auto, (max-width: 413px) 100vw, 413px\" \/><\/a><\/p>\n<p style=\"text-align: justify;\">Dalyvavimas \u201eDizaino savait\u0117je\u201c ir kaip dalyviui, ir kaip \u017ei\u016brovui \u2013 prasminga patirtis.\u00a0 \u017didinys ir krosnel\u0117 neatsiejama interjero arba eksterjero dalis. Taigi, tam, kad i\u0161laikytume harmonij\u0105, o galb\u016bt atvirk\u0161\u010diai \u2013 sugriautume j\u0105 netik\u0117tumo vardan, b\u016btina gerokai pam\u0105styti, kaip sukurti neb\u016btinai vientis\u0105, bet stiling\u0105 vaizd\u0105. Dalyvavimas pana\u0161aus pob\u016bd\u017eio renginiuose leid\u017eia sukaupti verting\u0105 baga\u017e\u0105 \u017eini\u0173, kuriuo v\u0117liau dalinam\u0117s su tais, kurie svajoja apie \u017eidinio ar krosnel\u0117s jaukum\u0105 savo namuose.<\/p>\n<p style=\"text-align: center;\"><a href=\"https:\/\/www.ugnisgyvenimui.lt\/straipsniai\/wp-content\/uploads\/2013\/05\/zidinys.jpg\"><img loading=\"lazy\" decoding=\"async\" class=\"aligncenter  wp-image-277\" title=\"zidinys\" src=\"https:\/\/www.ugnisgyvenimui.lt\/straipsniai\/wp-content\/uploads\/2013\/05\/zidinys.jpg\" alt=\"\" width=\"462\" height=\"332\" srcset=\"https:\/\/ugnisgyvenimui.lt\/straipsniai\/wp-content\/uploads\/2013\/05\/zidinys.jpg 770w, https:\/\/ugnisgyvenimui.lt\/straipsniai\/wp-content\/uploads\/2013\/05\/zidinys-300x215.jpg 300w\" sizes=\"auto, (max-width: 462px) 100vw, 462px\" \/><\/a><\/p>\n<p style=\"text-align: justify;\">Europos sostini\u0173 \u201eDizaino savait\u0117ms\u201c prilygstan\u010diame lietuvi\u0161kame renginyje dalyvavome ir mes. Pristat\u0117me kelet\u0105 gamini\u0173 \u201eREKOMENDUOJAME KOKYB\u0118\u201c. Taip pat mums tai buvo proga pabendrauti, pasidalinti profesiniais d\u017eiaugsmais ir problemomis su kolegomis bei susitikti ir su tuo dr\u0105siu, originali\u0173 id\u0117j\u0173 nebijan\u010diu \u017ei\u016brovu, pa\u0161nekinti j\u012f ir su\u017einoti, ko jis labiausiai pasigenda, ko viliasi, tikisi.<\/p>\n<p style=\"text-align: center;\"><a href=\"https:\/\/www.ugnisgyvenimui.lt\/straipsniai\/wp-content\/uploads\/2013\/05\/krepsys.jpg\"><img loading=\"lazy\" decoding=\"async\" class=\"aligncenter  wp-image-278\" title=\"krepsys\" src=\"https:\/\/www.ugnisgyvenimui.lt\/straipsniai\/wp-content\/uploads\/2013\/05\/krepsys.jpg\" alt=\"\" width=\"236\" height=\"324\" srcset=\"https:\/\/ugnisgyvenimui.lt\/straipsniai\/wp-content\/uploads\/2013\/05\/krepsys.jpg 394w, https:\/\/ugnisgyvenimui.lt\/straipsniai\/wp-content\/uploads\/2013\/05\/krepsys-218x300.jpg 218w\" sizes=\"auto, (max-width: 236px) 100vw, 236px\" \/><\/a><\/p>\n<p style=\"text-align: justify;\">\u201eDizaino savait\u0117\u201c\u00a0 \u017eavi ne tik naujov\u0117mis, bet ir tuo, kad ji i\u0161laisvina m\u0105stym\u0105, lau\u017eo stereotipus. Savoti\u0161ka prasme tai renginys, kuris atpalaiduoja, yra bohemi\u0161kas, kvie\u010diantis, atviras ir nuo\u0161irdus. Jis ragina dom\u0117tis, ie\u0161koti, kaip \u017emogaus bui\u010diai skirtus daiktus paversti meniniais k\u016briniais, taip pat skatina diskutuoti, steb\u0117tis, priimti, o galb\u016bt atmesti, nes ka\u017ekas galb\u016bt per nauja, bet kas po met\u0173 kit\u0173 taps itin populiaru. Jei nebuvote \u0161iemet, b\u016btinai savo kalendoriuose pasi\u017eym\u0117kite ir rezervuokite savo laik\u0105 kit\u0173 met\u0173 \u201eDizaino savaitei\u201c. Verta!<\/p>\n<p style=\"text-align: center;\"><a href=\"https:\/\/www.ugnisgyvenimui.lt\/straipsniai\/wp-content\/uploads\/2013\/05\/dizainosavaite.jpg\"><img loading=\"lazy\" decoding=\"async\" class=\"aligncenter  wp-image-279\" title=\"dizainosavaite\" src=\"https:\/\/www.ugnisgyvenimui.lt\/straipsniai\/wp-content\/uploads\/2013\/05\/dizainosavaite.jpg\" alt=\"\" width=\"317\" height=\"310\" srcset=\"https:\/\/ugnisgyvenimui.lt\/straipsniai\/wp-content\/uploads\/2013\/05\/dizainosavaite.jpg 529w, https:\/\/ugnisgyvenimui.lt\/straipsniai\/wp-content\/uploads\/2013\/05\/dizainosavaite-300x293.jpg 300w\" sizes=\"auto, (max-width: 317px) 100vw, 317px\" \/><\/a><\/p>\n","protected":false},"excerpt":{"rendered":"<p>\u0160i\u0173met\u0119 gegu\u017e\u0119 galime vadinti dizaino m\u0117nesiu, nes jo prad\u017eioje startavusi a\u0161tuntoji \u201eDizaino savait\u0117\u201c nesibaig\u0117 renginiais, parodomis, konferencijomis. Mes vis dar gyvename \u0161io projekto, kuris papuo\u0161\u0117 ir atgaivino pavasario vidur\u012f, nuotaikomis. Ypa\u010d d\u017eiugu, jog pirm\u0105 kart\u0105 \u201eDizaino savait\u0117\u201c pasiek\u0117 ir Klaip\u0117d\u0105. Kaip rodo patirtis, ir paj\u016brio gyventojai domisi architekt\u016bros, dizaino, interjero id\u0117jomis. \u0160tai rinkdamiesi \u017eidinius ar [&hellip;]<\/p>\n","protected":false},"author":1,"featured_media":277,"comment_status":"open","ping_status":"open","sticky":false,"template":"","format":"standard","meta":{"footnotes":""},"categories":[9,31],"tags":[26,45,44,12],"class_list":["post-275","post","type-post","status-publish","format-standard","has-post-thumbnail","hentry","category-ugnis_interjeras","category-ugnis-pavasari","tag-aksesuarai","tag-dizainas","tag-inovacijos","tag-zidiniai"],"_links":{"self":[{"href":"https:\/\/ugnisgyvenimui.lt\/straipsniai\/wp-json\/wp\/v2\/posts\/275","targetHints":{"allow":["GET"]}}],"collection":[{"href":"https:\/\/ugnisgyvenimui.lt\/straipsniai\/wp-json\/wp\/v2\/posts"}],"about":[{"href":"https:\/\/ugnisgyvenimui.lt\/straipsniai\/wp-json\/wp\/v2\/types\/post"}],"author":[{"embeddable":true,"href":"https:\/\/ugnisgyvenimui.lt\/straipsniai\/wp-json\/wp\/v2\/users\/1"}],"replies":[{"embeddable":true,"href":"https:\/\/ugnisgyvenimui.lt\/straipsniai\/wp-json\/wp\/v2\/comments?post=275"}],"version-history":[{"count":4,"href":"https:\/\/ugnisgyvenimui.lt\/straipsniai\/wp-json\/wp\/v2\/posts\/275\/revisions"}],"predecessor-version":[{"id":1786,"href":"https:\/\/ugnisgyvenimui.lt\/straipsniai\/wp-json\/wp\/v2\/posts\/275\/revisions\/1786"}],"wp:featuredmedia":[{"embeddable":true,"href":"https:\/\/ugnisgyvenimui.lt\/straipsniai\/wp-json\/wp\/v2\/media\/277"}],"wp:attachment":[{"href":"https:\/\/ugnisgyvenimui.lt\/straipsniai\/wp-json\/wp\/v2\/media?parent=275"}],"wp:term":[{"taxonomy":"category","embeddable":true,"href":"https:\/\/ugnisgyvenimui.lt\/straipsniai\/wp-json\/wp\/v2\/categories?post=275"},{"taxonomy":"post_tag","embeddable":true,"href":"https:\/\/ugnisgyvenimui.lt\/straipsniai\/wp-json\/wp\/v2\/tags?post=275"}],"curies":[{"name":"wp","href":"https:\/\/api.w.org\/{rel}","templated":true}]}}