{"id":315,"date":"2013-06-19T13:28:17","date_gmt":"2013-06-19T13:28:17","guid":{"rendered":"http:\/\/www.ugnisgyvenimui.lt\/straipsniai\/?p=315"},"modified":"2018-04-28T10:44:25","modified_gmt":"2018-04-28T10:44:25","slug":"ugnies-vaidmuo-minint-rasas","status":"publish","type":"post","link":"https:\/\/ugnisgyvenimui.lt\/straipsniai\/2013\/06\/19\/ugnies-vaidmuo-minint-rasas\/","title":{"rendered":"Ugnies vaidmuo minint Rasas"},"content":{"rendered":"<p style=\"text-align: justify;\">R\u00e3sos (Rasa, Rasos \u0161vent\u0117, Kupol\u0117s, Saul\u0117s, Kre\u0161\u0117s) \u2013 tai senoji lietuvi\u0173 vasaros\u00a0 saul\u0117gr\u012f\u017eos \u0161vent\u0117, v\u0117liau sutapatinta su \u0161vento Jono diena ir dabar vadinama\u00a0 Jonin\u0117mis. Vasaros saul\u0117gr\u012f\u017ea \u017eymi ilgiausi\u0105 dienos ir trumpiausi\u0105 nakties met\u0105 ir yra \u0161ven\u010diama nakt\u012f i\u0161 bir\u017eelio 23 d. \u012f 24-t\u0105j\u0105. Senov\u0117je pagrindinis \u0161vent\u0117s tikslas buvo u\u017etikrinti augal\u0173 augim\u0105, \u00a0klest\u0117jim\u0105 ir apsaugoti derli\u0173 nuo stichini\u0173 nelaimi\u0173. \u0160iandien \u0161is tikslas jau gerokai primir\u0161tas ir tradicijos nebe tokios gajos. Vis tik \u2013 kaimuose ir \u012fvairi\u0173 bendruomeni\u0173 iniciatyva stengiamasi jas i\u0161saugoti ir \u0161v\u0119sti kiek \u012fmanoma laikantis sen\u0173j\u0173 apeig\u0173.<span style=\"text-align: center;\">\u00a0<\/span><\/p>\n<p style=\"text-align: center;\"><a href=\"https:\/\/www.ugnisgyvenimui.lt\/straipsniai\/wp-content\/uploads\/2013\/06\/rasa.jpg\"><img loading=\"lazy\" decoding=\"async\" class=\"aligncenter  wp-image-316\" title=\"rasa\" src=\"https:\/\/www.ugnisgyvenimui.lt\/straipsniai\/wp-content\/uploads\/2013\/06\/rasa.jpg\" alt=\"\" width=\"461\" height=\"346\" srcset=\"https:\/\/ugnisgyvenimui.lt\/straipsniai\/wp-content\/uploads\/2013\/06\/rasa.jpg 1600w, https:\/\/ugnisgyvenimui.lt\/straipsniai\/wp-content\/uploads\/2013\/06\/rasa-300x225.jpg 300w, https:\/\/ugnisgyvenimui.lt\/straipsniai\/wp-content\/uploads\/2013\/06\/rasa-1024x768.jpg 1024w\" sizes=\"auto, (max-width: 461px) 100vw, 461px\" \/><\/a><\/p>\n<p style=\"text-align: justify;\" align=\"center\">\u00a0\u00a0Vasaros saul\u0117gr\u012f\u017eos \u0161vent\u0117s tradicijos remiasi beveik visais pagrindiniais gamtos elementais \u2013 \u017eeme, ugnimi ir vandeniu.\u00a0 Manyta, kad lietus ir vanduo \u201eapvaisina\u201c \u017eem\u0119, suteikia jai j\u0117g\u0173 vesti vaisius, taip pat gydo \u2013 anksti ryte prie\u0161 patekant saulei \u017emon\u0117s \u201ei\u0161simaudyti\u201c rasoje eidavo patys ir vesdavosi gyvulius, kad visi b\u016bt\u0173 sveiki ir gra\u017e\u016bs. Taip pat ilgiausi\u0105 dien\u0105 arba jos i\u0161vakar\u0117se buvo renkami \u017eolynai (kupol\u0117s) ir vaista\u017eol\u0117s \u2013 tik\u0117ta, kad jie turi magi\u0161kos galios.\u00a0 K\u0105 jau kalb\u0117ti apie papart\u012f! T\u0105 dien\u0105 giedant specialias giesmes buvo b\u016btina aplankyti javus \u2013 taip pagreitinant j\u0173 augim\u0105 ir padidinant derlingum\u0105.<\/p>\n<p style=\"text-align: center;\" align=\"center\">\u00a0<a href=\"https:\/\/www.ugnisgyvenimui.lt\/straipsniai\/wp-content\/uploads\/2013\/06\/vaistazoles.jpg\"><img loading=\"lazy\" decoding=\"async\" class=\"aligncenter  wp-image-317\" title=\"vaistazoles\" src=\"https:\/\/www.ugnisgyvenimui.lt\/straipsniai\/wp-content\/uploads\/2013\/06\/vaistazoles.jpg\" alt=\"\" width=\"432\" height=\"288\" srcset=\"https:\/\/ugnisgyvenimui.lt\/straipsniai\/wp-content\/uploads\/2013\/06\/vaistazoles.jpg 900w, https:\/\/ugnisgyvenimui.lt\/straipsniai\/wp-content\/uploads\/2013\/06\/vaistazoles-300x200.jpg 300w\" sizes=\"auto, (max-width: 432px) 100vw, 432px\" \/><\/a><\/p>\n<p style=\"text-align: justify;\" align=\"center\">\u00a0Ir ugnis buvo ir teb\u0117ra b\u016btinas Ras\u0173 atributas. Paprastai prie lau\u017eo \u017emon\u0117s renkasi jau po vis\u0173 kit\u0173 apeig\u0173. Beje, jeigu tradicijos su vandeniu ir \u017eeme jau nebe taip atkuriamos \u2013 tai lau\u017eo k\u016brimas ir s\u0117d\u0117jimas prie jo iki saul\u0117tekio vis dar gajus. Ir \u0161iandien prie Jonini\u0173 lau\u017e\u0173 dainuojama, \u0161okama, \u0161okin\u0117jama per ugn\u012f, vai\u0161inamasi. Galb\u016bt tik visame \u0161iame procese ma\u017eiau sakralumo, tik\u0117jimo antgamtin\u0117mis galiomis.<\/p>\n<p style=\"text-align: center;\">\u00a0<a href=\"https:\/\/www.ugnisgyvenimui.lt\/straipsniai\/wp-content\/uploads\/2013\/06\/IMG_9234.jpg\"><img loading=\"lazy\" decoding=\"async\" class=\"aligncenter  wp-image-318\" title=\"lauzas\" src=\"https:\/\/www.ugnisgyvenimui.lt\/straipsniai\/wp-content\/uploads\/2013\/06\/IMG_9234.jpg\" alt=\"\" width=\"504\" height=\"336\" srcset=\"https:\/\/ugnisgyvenimui.lt\/straipsniai\/wp-content\/uploads\/2013\/06\/IMG_9234.jpg 3888w, https:\/\/ugnisgyvenimui.lt\/straipsniai\/wp-content\/uploads\/2013\/06\/IMG_9234-300x200.jpg 300w, https:\/\/ugnisgyvenimui.lt\/straipsniai\/wp-content\/uploads\/2013\/06\/IMG_9234-1024x682.jpg 1024w\" sizes=\"auto, (max-width: 504px) 100vw, 504px\" \/><\/a><\/p>\n<p style=\"text-align: justify;\">\u0160tai senov\u0117je apeiginis lau\u017eas b\u016bdavo kuriamas tik i\u0161 naujos,\u00a0 \u0161varios ir \u0161ventos ugnies. V\u0117liau \u0161i\u0105 ugn\u012f i\u0161 lau\u017eo \u017emon\u0117s ne\u0161davosi namo ir u\u017edegdavo vietoj senosios. Tik\u0117ta, kad \u0161i ugnis apvalydavo ir gydydavo. \u012edomi tradicija buvo lau\u017eo nuod\u0117gulius subesti laukuose (es\u0105 geriau der\u0117s), taip pat ki\u0161ti juos po nam\u0173 pamatais ar pastoge (apsauga nuo gaisro). Tiesa, dar \u017einomas senas paprotys statyti auk\u0161tas kartis, o ant j\u0173 u\u017ed\u0117jus saul\u0119 simbolizuojant\u012f rat\u0105 arba stebul\u0119 padegti. Taip pat ugnis buvo k\u016brenama ir g\u0117l\u0117mis ir vainikais i\u0161puo\u0161tose valtel\u0117se. Plaukiodami jomis m\u016bs\u0173 senoliai pagerbdavo saul\u0119.<\/p>\n<p style=\"text-align: justify;\">\n","protected":false},"excerpt":{"rendered":"<p>R\u00e3sos (Rasa, Rasos \u0161vent\u0117, Kupol\u0117s, Saul\u0117s, Kre\u0161\u0117s) \u2013 tai senoji lietuvi\u0173 vasaros\u00a0 saul\u0117gr\u012f\u017eos \u0161vent\u0117, v\u0117liau sutapatinta su \u0161vento Jono diena ir dabar vadinama\u00a0 Jonin\u0117mis. Vasaros saul\u0117gr\u012f\u017ea \u017eymi ilgiausi\u0105 dienos ir trumpiausi\u0105 nakties met\u0105 ir yra \u0161ven\u010diama nakt\u012f i\u0161 bir\u017eelio 23 d. \u012f 24-t\u0105j\u0105. Senov\u0117je pagrindinis \u0161vent\u0117s tikslas buvo u\u017etikrinti augal\u0173 augim\u0105, \u00a0klest\u0117jim\u0105 ir apsaugoti derli\u0173 [&hellip;]<\/p>\n","protected":false},"author":1,"featured_media":316,"comment_status":"open","ping_status":"open","sticky":false,"template":"","format":"standard","meta":{"footnotes":""},"categories":[53],"tags":[],"class_list":["post-315","post","type-post","status-publish","format-standard","has-post-thumbnail","hentry","category-ugnis-vasara"],"_links":{"self":[{"href":"https:\/\/ugnisgyvenimui.lt\/straipsniai\/wp-json\/wp\/v2\/posts\/315","targetHints":{"allow":["GET"]}}],"collection":[{"href":"https:\/\/ugnisgyvenimui.lt\/straipsniai\/wp-json\/wp\/v2\/posts"}],"about":[{"href":"https:\/\/ugnisgyvenimui.lt\/straipsniai\/wp-json\/wp\/v2\/types\/post"}],"author":[{"embeddable":true,"href":"https:\/\/ugnisgyvenimui.lt\/straipsniai\/wp-json\/wp\/v2\/users\/1"}],"replies":[{"embeddable":true,"href":"https:\/\/ugnisgyvenimui.lt\/straipsniai\/wp-json\/wp\/v2\/comments?post=315"}],"version-history":[{"count":3,"href":"https:\/\/ugnisgyvenimui.lt\/straipsniai\/wp-json\/wp\/v2\/posts\/315\/revisions"}],"predecessor-version":[{"id":320,"href":"https:\/\/ugnisgyvenimui.lt\/straipsniai\/wp-json\/wp\/v2\/posts\/315\/revisions\/320"}],"wp:featuredmedia":[{"embeddable":true,"href":"https:\/\/ugnisgyvenimui.lt\/straipsniai\/wp-json\/wp\/v2\/media\/316"}],"wp:attachment":[{"href":"https:\/\/ugnisgyvenimui.lt\/straipsniai\/wp-json\/wp\/v2\/media?parent=315"}],"wp:term":[{"taxonomy":"category","embeddable":true,"href":"https:\/\/ugnisgyvenimui.lt\/straipsniai\/wp-json\/wp\/v2\/categories?post=315"},{"taxonomy":"post_tag","embeddable":true,"href":"https:\/\/ugnisgyvenimui.lt\/straipsniai\/wp-json\/wp\/v2\/tags?post=315"}],"curies":[{"name":"wp","href":"https:\/\/api.w.org\/{rel}","templated":true}]}}